{"id":4633,"date":"2018-04-07T00:25:56","date_gmt":"2018-04-06T22:25:56","guid":{"rendered":"https:\/\/www.radl-kini.de\/wordpress\/?p=4633"},"modified":"2024-10-29T00:05:35","modified_gmt":"2024-10-28T22:05:35","slug":"immenstadt-kempten","status":"publish","type":"post","link":"https:\/\/www.radl-kini.de\/wordpress\/?p=4633","title":{"rendered":"Immenstadt &#8211; Kempten"},"content":{"rendered":"\n<p>Gleich die erste Tour des Jahres ein voller Kracher! Ich bin ja im Winter viel auf dem Ergo gefahren und f\u00fchle mich fit. Aber 170 km f\u00fcr die erste Tour ist schon eine Marke. Aber wenn das Wetter passt und die Zeit endlich mal wieder da ist&#8230;<\/p>\n\n\n\n<!--more-->\n\n\n\n<p>&#8230; dann geht&#8217;s los. Ich muss aber zu meiner Schande gestehen, dass der Tag eigentlich als \u201eOne Way Tour\u201c nach M\u00fcnchen gedacht war. Aber Abfahrt 11:30 ist um diese Jahreszeit \u2013 trotz sch\u00f6nem Wetters einfach zu sp\u00e4t. Ausschlafen muss auch mal sein und f\u00fcr Samstag ist 9 Uhr aufstehen dann doch keine Schande. F\u00fcr die M\u00fcnchen-Tour&nbsp; m\u00fcsste ich ja dann auch noch mit dem Zug zur\u00fcck nach Ravensburg. No way! Das ist zu stressig! Stress habe ich schon so genug. Die Tour hole ich also sp\u00e4ter im Jahr nach&#8230;<\/p>\n\n\n\n<figure class=\"wp-block-image alignnone\"><a href=\"https:\/\/www.radl-kini.de\/wordpress\/wp-content\/uploads\/2018\/05\/20180407_Immenstadt_Kempten_web50_019.jpg\"><img loading=\"lazy\" decoding=\"async\" width=\"1632\" height=\"1224\" src=\"https:\/\/www.radl-kini.de\/wordpress\/wp-content\/uploads\/2018\/05\/20180407_Immenstadt_Kempten_web50_019.jpg\" alt=\"\" class=\"wp-image-4676\" srcset=\"https:\/\/www.radl-kini.de\/wordpress\/wp-content\/uploads\/2018\/05\/20180407_Immenstadt_Kempten_web50_019.jpg 1632w, https:\/\/www.radl-kini.de\/wordpress\/wp-content\/uploads\/2018\/05\/20180407_Immenstadt_Kempten_web50_019-300x225.jpg 300w, https:\/\/www.radl-kini.de\/wordpress\/wp-content\/uploads\/2018\/05\/20180407_Immenstadt_Kempten_web50_019-768x576.jpg 768w, https:\/\/www.radl-kini.de\/wordpress\/wp-content\/uploads\/2018\/05\/20180407_Immenstadt_Kempten_web50_019-1024x768.jpg 1024w\" sizes=\"auto, (max-width: 1632px) 100vw, 1632px\" \/><\/a><figcaption class=\"wp-element-caption\">Sonnig, aber nicht unbedingt warm zu Beginn der Tour<\/figcaption><\/figure>\n\n\n\n<p>Bei Abfahrt in RV ist es noch recht frisch an diesem Tag: 9 \u00b0C! Ich ignoriere die gute Wettervorhersage und die angek\u00fcndigten waren Temperaturen von 20 \u00b0C und fahre in voller Wintermontur los. Eigentlich nicht sehr clever, denn der Tag wird echt super warm f\u00fcr einen 7. April. Recht rasch im Laufe des Tages wird es schwierig weitere Kleidung abzulegen. Wo soll ich denn hin damit. Ich bin h schon voll bepackt. Also weiter schwitzen. Teilweise schauen mich die anderen Rennradl-Kollegen an als w\u00e4re ich ein Marsmensch. Alle fahren kurz-kurz und ich sehe aus als w\u00fcrde gleich die n\u00e4chste Eiszeit anbrechen. Aber genau das wird bald zu meinem Vorteil. Die Strecke ist mit ihrer L\u00e4nge und knapp \u00fcber 2000 H\u00f6henmetern anspruchsvoll, hat aber keine giftigen Steigungen. Man kann das hier recht gleichm\u00e4\u00dfig fahren \u2013 auch wenn man wie ein Eskimo eingepackt ist wie ich. Und so fahre ich dann auch \u00fcber 170 km: gleichm\u00e4\u00dfig und genussvoll. Ein ausgiebiger Kaffee und Kuchen Stopp am Marktplatz \/ Schlossplatz in Immenstadt und ein Brezel-Stopp bei Kempten. Alles ganz locker. Und genau so komme ich am Ende der Tour eben trotz 170 km in einen Flow. In der untergehenden Sonne wird es nach Leutkirch auch relativ schnell wieder frisch. Da schadet es dann wider nicht, wenn man etwas w\u00e4rmer angezogen ist.<\/p>\n\n\n\nngg_shortcode_0_placeholder\n\n\n\n<p>&nbsp;<\/p>\n\n\n\n<p>Alles in allem eine gro\u00dfartige Tour. Und am Samstag ist wie immer deutlich weniger los auf de Stra\u00dfen, auch an einem so herrlichen Tag. Ich kannte gro\u00dfe Teile der Strecke schon. Mein landschaftliches Highlight an diesem Tag war daher der f\u00fcr mich neue Abschnitt zwischen Kempten und Leutkirch. Aber so langsam komme ich nach 6 Jahren zu der \u00dcberzeugung, dass es fast \u00fcberall im Allg\u00e4u einfach wundersch\u00f6n ist.<\/p>\n\n\n\n<p><span style=\"color: #008000;\">Karte mit H\u00f6henprofil:<\/span><br><span style=\"color: #008000;\">Klick auf die den Track oder die Liste+betreffender Track um das H\u00f6henprofil anzuzeigen;<\/span><br><span style=\"color: #008000;\">Klick auf den Track und dann im Fenster auf &#8222;GPX&#8220; zum Download um die gpx-Datei herunterzuladen;<\/span><\/p>\n\n\n\n<p>&nbsp;<\/p>\n\n\n<!-- -div of map -->\n<div  id=\"lfh-1-skin\" class=\"lfh-container \" style=\"position:relative;width:100%;\">\n<div id=\"lfh-1-fadable\" class=\"lfh-fadable \">\n    <div id=\"lfh-1\" class=\"lfh-map\" style=\"height:500px;width:100%;\">\n    <\/div>\n    <div id=\"lfh-1-data\" class=\"lfh-data simple-border\" >\n        <div id=\"lfh-list-1\" class=\"lfh-info-1 lfh-element lfh-list lfh-hidden step0\"  >\n            <div>\n                <div class=\"lfh-head\">\n                    <h3 >\n                        <span class=\"lfh-trackname\">Liste&nbsp;<\/span>\n                        <span  class=\"lfh-close lfhicon lfhicon-close\" >&nbsp;<\/span>\n                    <\/h3>\n                <\/div>\n                \n                <!-- misc info -->\n                <div class=\"lfh-element-content\">\n                <div class=\"lfh-section\">\n                        \n                  <div class=\"lfh-content lfh-description\" >\n                 \n                  <\/div>\n                <\/div>\n                 \n                <\/div>\n            <\/div>\n        <\/div>\n        <div id=\"lfh-1-nav\" class=\"lfh-nav\">\n            <div class=\"lfh-title\" >\n                <span class=\"lfh-trackname\">Information<\/span>\n                <span class=\"lfh-close lfhicon lfhicon-close\"><\/span>\n            <\/div>\n            <div  class=\"lfh-back lfhicon lfhicon-chevron-circle-left\" style=\"\"><\/div>\n            <div  class=\"lfh-next lfhicon lfhicon-chevron-circle-right\"><\/div>\n        <\/div>\n         \n        <div class=\"lfh-data-content\" >\n            <div >\n                Schaltfl&auml;che oder Kartenelement anklicken um weitere Informationen anzuzeigen.            <\/div>\n            <div class=\"lfh-contributor\">\n                <a href=\"https:\/\/wordpress.org\/plugins\/lf-hiker\/\" title=\"Plugin Lf Hiker\">Lf Hiker<\/a>\n                | <a href=\"http:\/\/elisabeth.pointal.org\" title=\"Elisabeth Pointal\">E.Pointal<\/a>\n                contributor\n            <\/div>\n        <\/div>\n    <\/div>\n<\/div>\n<\/div>\n<!-- div of list objets -->\n\n\n\n<div id=\"track-1-1\" class=\"lfh-info-1 lfh-element lfh-hidden step0\"  >\n    <div>\n        <!-- header -->\n        <div class=\"lfh-head\">\n            <h3 >\n                 <span class=\"lfh-trackname\">20180417_Kempten_Immenstadt.gpx&nbsp;<\/span>\n                <span  class=\"lfh-close lfhicon lfhicon-close\" >&nbsp;<\/span>\n            <\/h3>\n        <\/div>\n        <!-- end header -->\n        <div class=\"lfh-element-content\">\n        <div  class=\"lfh-file\">\n        <!-- control buttons -->\n                      <div >\n                <a  href=\"\/wordpress\/wp-content\/uploads\/gpx\/20180417_Kempten_Immenstadt.gpx\"  download=\"20180417_Kempten_Immenstadt.gpx\" class=\"lfh-gpx-file\"  >\n                <span class=\"lfhicon lfhicon-download\"> &nbsp;GPX<\/span>\n                <\/a>\n            <\/div>\n                 <\/div>\n        <div class=\"lfh-section\">\n              <div class=\"lfh-header\">\n              <h4 style=\"margin-bottom: 2px;\">Profil<\/h4>\n              <\/div>\n               <div class=\"lfh-content\" >\n                    <div>\n                    <svg class=\"lfh-profile\"  viewBox=\"0 0 290 220\" >\n                        <defs>\n                            <marker id=\"t\" markerWidth=\"4\" markerHeight=\"4\" orient=\"auto\" refY=\"2\" refX=\"3\">\n                              <path d=\"M0,0 L4,2 0,4\" fill=\"#000\"><\/path>\n                            <\/marker>\n                        <\/defs>\n                        <g transform=\"translate(50,10)\">\n                        <!-- horizontal -->\n                        <!-- y = 50 (180-50)-->\n                        <line class=\"line\" x1=\"-5\" y1=\"160\" x2=\"220\" y2=\"160\"><\/line>\n                        <text class=\"h1 line\" x=\"-5\" y=\"160\" text-anchor=\"end\">50<\/text>\n                        <line class=\"line\" x1=\"-5\" y1=\"120\" x2=\"220\" y2=\"120\"><\/line>\n                        <text class=\"h2 line\" x=\"-5\" y=\"120\" text-anchor=\"end\">100<\/text>\n                        <line class=\"line\" x1=\"-5\" y1=\"80\" x2=\"220\" y2=\"80\"><\/line>\n                        <text class=\"h3 line\" x=\"-5\" y=\"80\" text-anchor=\"end\">150<\/text>\n                         <line class=\"line\" x1=\"-5\" y1=\"40\" x2=\"220\" y2=\"40\"><\/line>\n                        <text class=\"h4 line\" x=\"-5\" y=\"40\" text-anchor=\"end\">200<\/text>\n                        <!-- Vertical -->\n                        <g class=\"v1\" transform=\"translate(60,0)\">\n                            <line class=\"line\" x1=\"0\" y1=\"0\" x2=\"0\" y2=\"185\"><\/line>\n                            <text  class=\"line\" x=\"0\" y=\"193\" text-anchor=\"middle\">5<\/text>\n                        <\/g>\n                        <g class=\"v2\" transform=\"translate(120,0)\">\n                            <line class=\"line\" x1=\"0\" y1=\"0\" x2=\"0\" y2=\"185\"><\/line>\n                            <text  class=\"line\" x=\"0\" y=\"193\" text-anchor=\"middle\">10<\/text>\n                        <\/g>\n                        <g class=\"v3\" transform=\"translate(180,0)\">\n                            <line class=\"line\" x1=\"0\" y1=\"0\" x2=\"0\" y2=\"185\"><\/line>\n                            <text id=\"v3\" class=\"line\" x=\"0\" y=\"193\" text-anchor=\"middle\">15<\/text>\n                        <\/g>\n                        <!-- cadre  -->\n                        <rect x=\"0\" y=\"0\" width=\"220\" height=\"180\" ><\/rect>\n                        <!-- horizontal axis x -->\n                         <line class=\"axis\" x1=\"0\" y1=\"180\" x2=\"210\" y2=\"180\"  marker-end=\"url(#t)\"><\/line>\n                           <text x=\"110\" y=\"210\" text-anchor=\"middle\">Entfernung (km)<\/text>\n                           <!-- vertical axis y -->\n                        <line class=\"axis\" x1=\"0\" y1=\"180\" x2=\"0\" y2=\"10\" marker-end=\"url(#t)\"><\/line>\n                        <text x=\"0\" y=\"0\" transform=\"rotate(-90) translate(-100, -40)\" text-anchor=\"middle\">H&ouml;he (m)<\/text>\n                        <path class=\"lfh-profile-line\" d=\"\"><\/path>\n                       \n                        <line class=\"lfh-move-line\" x1=\"0\" y1=\"185\" x2=\"0\" y2=\"-5\"><\/line>\n                    <\/g>\n                    <\/svg>\n                    <div class=\"lfh-no-data\">Keine H&ouml;hendaten<\/div>\n                    <\/div>\n                    <div>\n                        <div >\n                            <span >Name: <\/span>\n                            <span class=\"lfh-gpx-name\"><em>Keine Daten<\/em><\/span>\n                        <\/div>\n                        <div >\n                            <span>Entfernung: <\/span>\n                            <span class=\"lfh-gpx-distance\"><em>Keine Daten<\/em><\/span>\n                        <\/div>\n                         <div>\n                            <span>Minimale H&ouml;he: <\/span>\n                            <span  class=\"lfh-gpx-min-elevation\" ><em>Keine Daten<\/em><\/span>\n                        <\/div>\n                         <div>\n                            <span>Maximale H&ouml;he: <\/span>\n                            <span  class=\"lfh-gpx-max-elevation\" ><em>Keine Daten<\/em><\/span>\n                        <\/div>\n                        <div>\n                            <span>H&ouml;henmeter (aufw&auml;rts): <\/span>\n                            <span  class=\"lfh-gpx-elevation-gain\" ><em>Keine Daten<\/em><\/span>\n                        <\/div>\n                        <div >\n                            <span>H&ouml;henmeter (abw&auml;rts): <\/span>\n                            <span class=\"lfh-gpx-elevation-loss\" ><em>Keine Daten<\/em><\/span>\n                        <\/div>\n                            <span>Dauer: <\/span>\n                            <span class=\"lfh-gpx-duration\" ><em>Keine Daten<\/em><\/span>\n                        <div>\n                        <\/div>\n                    <\/div>\n               <\/div>\n          <\/div>\n          <!-- misc info -->\n                <div class=\"lfh-section lfh-hidden\">\n            <div class=\"lfh-header\">\n            <h4>Beschreibung<\/h4>\n            <\/div>    \n            <div class=\"lfh-content lfh-description\" >\n            20180417_Kempten_Immenstadt.gpx            <\/div>\n        <\/div>\n                <\/div>\n    <\/div>\n   \n<\/div>\n\n","protected":false},"excerpt":{"rendered":"<p>Gleich die erste Tour des Jahres ein voller Kracher! Ich bin ja im Winter viel auf dem Ergo gefahren und f\u00fchle mich fit. Aber 170 km f\u00fcr die erste Tour ist schon eine Marke. Aber wenn das Wetter passt und die Zeit endlich mal wieder da ist&#8230;<\/p>\n","protected":false},"author":1,"featured_media":4652,"comment_status":"closed","ping_status":"closed","sticky":false,"template":"","format":"standard","meta":{"ngg_post_thumbnail":0,"_jetpack_memberships_contains_paid_content":false,"footnotes":"","jetpack_publicize_message":"","jetpack_publicize_feature_enabled":true,"jetpack_social_post_already_shared":false,"jetpack_social_options":{"image_generator_settings":{"template":"highway","enabled":false},"version":2}},"categories":[4],"tags":[],"class_list":["post-4633","post","type-post","status-publish","format-standard","has-post-thumbnail","hentry","category-touren"],"jetpack_publicize_connections":[],"jetpack_featured_media_url":"https:\/\/www.radl-kini.de\/wordpress\/wp-content\/uploads\/2018\/05\/20180407_Immenstadt_Kempten_web50_025.jpg","jetpack_sharing_enabled":true,"jetpack_shortlink":"https:\/\/wp.me\/pak1G4-1cJ","_links":{"self":[{"href":"https:\/\/www.radl-kini.de\/wordpress\/index.php?rest_route=\/wp\/v2\/posts\/4633","targetHints":{"allow":["GET"]}}],"collection":[{"href":"https:\/\/www.radl-kini.de\/wordpress\/index.php?rest_route=\/wp\/v2\/posts"}],"about":[{"href":"https:\/\/www.radl-kini.de\/wordpress\/index.php?rest_route=\/wp\/v2\/types\/post"}],"author":[{"embeddable":true,"href":"https:\/\/www.radl-kini.de\/wordpress\/index.php?rest_route=\/wp\/v2\/users\/1"}],"replies":[{"embeddable":true,"href":"https:\/\/www.radl-kini.de\/wordpress\/index.php?rest_route=%2Fwp%2Fv2%2Fcomments&post=4633"}],"version-history":[{"count":9,"href":"https:\/\/www.radl-kini.de\/wordpress\/index.php?rest_route=\/wp\/v2\/posts\/4633\/revisions"}],"predecessor-version":[{"id":5341,"href":"https:\/\/www.radl-kini.de\/wordpress\/index.php?rest_route=\/wp\/v2\/posts\/4633\/revisions\/5341"}],"wp:featuredmedia":[{"embeddable":true,"href":"https:\/\/www.radl-kini.de\/wordpress\/index.php?rest_route=\/wp\/v2\/media\/4652"}],"wp:attachment":[{"href":"https:\/\/www.radl-kini.de\/wordpress\/index.php?rest_route=%2Fwp%2Fv2%2Fmedia&parent=4633"}],"wp:term":[{"taxonomy":"category","embeddable":true,"href":"https:\/\/www.radl-kini.de\/wordpress\/index.php?rest_route=%2Fwp%2Fv2%2Fcategories&post=4633"},{"taxonomy":"post_tag","embeddable":true,"href":"https:\/\/www.radl-kini.de\/wordpress\/index.php?rest_route=%2Fwp%2Fv2%2Ftags&post=4633"}],"curies":[{"name":"wp","href":"https:\/\/api.w.org\/{rel}","templated":true}]}}